{"id":131,"date":"2015-03-29T09:26:11","date_gmt":"2015-03-29T08:26:11","guid":{"rendered":"http:\/\/2018.automnemusicalduvesinet.fr\/?p=131"},"modified":"2018-08-19T09:59:18","modified_gmt":"2018-08-19T08:59:18","slug":"programme-du-vendredi","status":"publish","type":"post","link":"http:\/\/2018.automnemusicalduvesinet.fr\/?p=131","title":{"rendered":"Vendredi 12 octobre \u00e0 20h30"},"content":{"rendered":"<h2><strong>En l&#8217;\u00e9glise Sainte-Marguerite<\/strong><\/h2>\n<p>&nbsp;<\/p>\n<p style=\"text-align: center;\"><strong><span style=\"font-size: 20px;\">Hommage \u00e0 Claude Debussy<\/span><\/strong><\/p>\n<p><span style=\"font-size: 16px;\">Claude Debussy est n\u00e9 \u00e0 Saint-Germain-en-Laye \u00e0 deux pas du V\u00e9sinet. Sa maison au 38 rue au Pain abrite aujourd\u2019hui un mus\u00e9e qui lui est consacr\u00e9.<br \/>\nIl est initi\u00e9 au piano par Madame Maut\u00e9, belle-m\u00e8re de Paul Verlaine, qui reconna\u00eet vite son talent. Il est admis au Conservatoire de Paris \u00e0 l\u2019\u00e2ge de 10 ans, o\u00f9 il est consid\u00e9r\u00e9 comme un \u00e9l\u00e8ve dissip\u00e9. N\u00e9anmoins, il obtint \u00e0 12 ans un 2e accessit de piano en jouant le concerto n\u00b02 de Chopin, qui est au programme de notre festival le dimanche 14 octobre.<\/span><\/p>\n<p><span style=\"font-size: 16px;\"><strong>Sonate pour fl\u00fbte, alto et harpe<\/strong>\u00a0(CD145)<\/span><\/p>\n<p><span style=\"font-size: 16px;\">Cette sonate\u00a0 a \u00e9t\u00e9 compos\u00e9e en 1915. Darius Milhaud jouait l\u2019alto lors de la cr\u00e9ation. Elle comprend une pastorale, un interlude en menuet\u00a0 et un final allegro (ma risoluto). Dans la pastorale les th\u00e8mes passent de la fl\u00fbte \u00e0 l\u2019alto par tuilage. On a remarqu\u00e9 dans cette \u0153uvre l\u2019importance des timbres dans cette formation assez rarement r\u00e9unie.<\/span><\/p>\n<p><span style=\"font-size: 16px;\"><strong>Sonate pour violoncelle et piano<\/strong> (CD144)<\/span><\/p>\n<p><span style=\"font-size: 16px;\">Cette sonate porte l\u2019amusante\u00a0 mention manuscrite de Debussy\u00a0: \u00ab que le pianiste n&#8217;oublie jamais qu&#8217;il ne faut pas lutter contre le violoncelle, mais l&#8217;accompagner.\u00a0\u00bb<\/span><\/p>\n<p><span style=\"font-size: 16px;\"><strong>Sonate pour violon et piano<\/strong>\u00a0(CD148)<\/span><\/p>\n<p><span style=\"font-size: 16px;\">Dat\u00e9e de 1917, cette sonate marque la derni\u00e8re apparition publique de Debussy.<\/span><\/p>\n<p><span style=\"font-size: 16px;\"><strong>Trio pour piano, violon et violoncelle<\/strong><\/span><\/p>\n<p><span style=\"font-size: 16px;\">Ce trio n\u00e9o-romantique, red\u00e9couvert en 1986, est au contraire une \u0153uvre de jeunesse d\u2019un Debussy de 18 ans, qui voyage \u00e0 Florence en 1880 avec Madame Van Meck, m\u00e9c\u00e8ne de Tcha\u00efkovski et ses enfants \u00e0 qui il donne des le\u00e7ons.<\/span><\/p>\n<p>&nbsp;<\/p>\n<hr \/>\n<p style=\"text-align: center;\"><span style=\"font-size: 20px;\"><strong>LE PROGRAMME<\/strong><\/span><\/p>\n<table style=\"height: 120px; width: 620px;\" cellpadding=\"0\">\n<tbody>\n<tr style=\"height: 30px;\">\n<td style=\"width: 620px; text-align: center; height: 30px;\" colspan=\"3\"><span style=\"font-size: 20px;\">Hommage \u00e0 Claude Debussy<\/span><\/td>\n<\/tr>\n<tr style=\"height: 30px;\">\n<td style=\"width: 269px; text-align: left; height: 30px;\"><span style=\"font-size: 16px;\"><strong>PREMI\u00c8RE PARTIE<\/strong><\/span><\/td>\n<td style=\"width: 84px; height: 30px;\"><\/td>\n<td style=\"width: 251px; height: 30px;\"><span style=\"font-size: 16px;\"><strong>SECONDE PARTIE<\/strong><\/span><\/td>\n<\/tr>\n<tr style=\"height: 120px;\">\n<td style=\"width: 269px; height: 100px; vertical-align: middle;\"><strong>Sonate pour fl\u00fbte, alto et harpe<\/strong>\u00a0(CD145)<\/p>\n<p><strong>Sonate pour violoncelle<br \/>\net piano<\/strong> (CD144)<\/p>\n<p><strong>Sonate pour violon et piano<\/strong>\u00a0(CD148)<\/td>\n<td style=\"width: 84px; vertical-align: middle; text-align: left; height: 100px;\"><span style=\"font-size: 16px;\"><strong>PAUSE<\/strong><\/span><\/td>\n<td style=\"width: 251px; vertical-align: middle; height: 100px;\"><strong>Trio pour piano, violon et violoncelle<\/strong><\/td>\n<\/tr>\n<tr style=\"height: 100px;\">\n<td style=\"width: 620px; text-align: center; height: 100px;\" colspan=\"3\"><span style=\"font-size: 16px;\"><span style=\"font-size: 16px;\"><strong>Laurence Stricker, <\/strong><em>fl\u00fbte<\/em><strong><br \/>\nEmmanuelle Stanese,<\/strong><em> alto<\/em><strong><br \/>\nVadim Tchijik,\u00a0<\/strong><em>violon<\/em><strong><br \/>\nFabrice Loyal, <\/strong><em>violoncelle, piano<\/em><\/span><\/span><\/td>\n<\/tr>\n<\/tbody>\n<\/table>\n<hr \/>\n<p style=\"text-align: center;\"><span style=\"font-size: 20px;\"><strong>LES ARTISTES<\/strong><\/span><\/p>\n<table style=\"height: 549px;\" width=\"620\">\n<tbody>\n<tr style=\"height: 517px;\">\n<td style=\"width: 310px; height: 517px;\"><a href=\"http:\/\/2018.automnemusicalduvesinet.fr\/wp-content\/uploads\/2018\/08\/emmanuelle-stanese.jpg\"><img loading=\"lazy\" class=\"aligncenter wp-image-1089\" src=\"http:\/\/2018.automnemusicalduvesinet.fr\/wp-content\/uploads\/2018\/08\/emmanuelle-stanese.jpg\" alt=\"\" width=\"310\" height=\"465\" srcset=\"http:\/\/2018.automnemusicalduvesinet.fr\/wp-content\/uploads\/2018\/08\/emmanuelle-stanese.jpg 359w, http:\/\/2018.automnemusicalduvesinet.fr\/wp-content\/uploads\/2018\/08\/emmanuelle-stanese-200x300.jpg 200w\" sizes=\"(max-width: 310px) 100vw, 310px\" \/><\/a><\/p>\n<p style=\"text-align: center;\"><span style=\"font-size: 16px;\"><a href=\"https:\/\/www.facebook.com\/emmanuelle.deaudonstanese\" target=\"_blank\" rel=\"noopener\">Emmanuelle Stanes<\/a><br \/>\n<\/span><\/p>\n<\/td>\n<td style=\"width: 310px; height: 517px;\"><a href=\"http:\/\/2018.automnemusicalduvesinet.fr\/wp-content\/uploads\/2018\/08\/Laurence-Stricker-e1534152807316.jpg\"><img loading=\"lazy\" class=\"aligncenter wp-image-1090\" src=\"http:\/\/2018.automnemusicalduvesinet.fr\/wp-content\/uploads\/2018\/08\/Laurence-Stricker-e1534152807316.jpg\" alt=\"\" width=\"310\" height=\"465\" srcset=\"http:\/\/2018.automnemusicalduvesinet.fr\/wp-content\/uploads\/2018\/08\/Laurence-Stricker-e1534152807316.jpg 359w, http:\/\/2018.automnemusicalduvesinet.fr\/wp-content\/uploads\/2018\/08\/Laurence-Stricker-e1534152807316-200x300.jpg 200w\" sizes=\"(max-width: 310px) 100vw, 310px\" \/><\/a><\/p>\n<p style=\"text-align: center;\"><span style=\"font-size: 16px;\"><a href=\"https:\/\/www.facebook.com\/pages\/biz\/Laurence-Stricker-211505472201297\/\" target=\"_blank\" rel=\"noopener\">Laurence Stricker<\/a><br \/>\n<\/span><\/p>\n<\/td>\n<\/tr>\n<tr>\n<td style=\"text-align: center; vertical-align: top;\"><a href=\"http:\/\/2018.automnemusicalduvesinet.fr\/wp-content\/uploads\/2017\/07\/Vadim-Tchijik.jpg\"><img loading=\"lazy\" class=\"aligncenter wp-image-948\" style=\"border: 1px solid #000000;\" src=\"http:\/\/2018.automnemusicalduvesinet.fr\/wp-content\/uploads\/2017\/07\/Vadim-Tchijik.jpg\" alt=\"\" width=\"310\" height=\"413\" srcset=\"http:\/\/2018.automnemusicalduvesinet.fr\/wp-content\/uploads\/2017\/07\/Vadim-Tchijik.jpg 600w, http:\/\/2018.automnemusicalduvesinet.fr\/wp-content\/uploads\/2017\/07\/Vadim-Tchijik-225x300.jpg 225w\" sizes=\"(max-width: 310px) 100vw, 310px\" \/><\/a><\/p>\n<p style=\"text-align: center;\"><span style=\"font-size: 16px;\"><a href=\"http:\/\/www.vadimtchijik.com\/\" target=\"_blank\" rel=\"noopener\">Vadim Tchijik<\/a><br \/>\n<\/span><\/p>\n<\/td>\n<td style=\"text-align: center; vertical-align: top;\"><a href=\"http:\/\/2018.automnemusicalduvesinet.fr\/wp-content\/uploads\/2015\/03\/Fabrice-Loyal-sm.jpg\"><img loading=\"lazy\" class=\"aligncenter wp-image-767\" style=\"border: 1px solid #000000;\" src=\"http:\/\/2018.automnemusicalduvesinet.fr\/wp-content\/uploads\/2015\/03\/Fabrice-Loyal-sm-225x300.jpg\" alt=\"Fabrice Loyal-sm\" width=\"310\" height=\"413\" srcset=\"http:\/\/2018.automnemusicalduvesinet.fr\/wp-content\/uploads\/2015\/03\/Fabrice-Loyal-sm-225x300.jpg 225w, http:\/\/2018.automnemusicalduvesinet.fr\/wp-content\/uploads\/2015\/03\/Fabrice-Loyal-sm.jpg 300w\" sizes=\"(max-width: 310px) 100vw, 310px\" \/><\/a><\/p>\n<p style=\"text-align: center;\"><span style=\"font-size: 16px;\"><a href=\"https:\/\/www.facebook.com\/fabrice.loyal\" target=\"_blank\" rel=\"noopener\">Fabrice Loyal<\/a><br \/>\n<\/span><\/p>\n<\/td>\n<\/tr>\n<\/tbody>\n<\/table>\n<p>&nbsp;<\/p>\n","protected":false},"excerpt":{"rendered":"<p><strong>\u00abHommage \u00e0 Claude Debussy\u00bb<\/strong><br \/>Trois Sonates CD145, CD144, CD148<br \/>Trio pour piano, violon et violoncelle&#8230;<\/p>\n","protected":false},"author":1,"featured_media":0,"comment_status":"closed","ping_status":"open","sticky":false,"template":"","format":"standard","meta":[],"categories":[6],"tags":[9,7,8],"_links":{"self":[{"href":"http:\/\/2018.automnemusicalduvesinet.fr\/index.php?rest_route=\/wp\/v2\/posts\/131"}],"collection":[{"href":"http:\/\/2018.automnemusicalduvesinet.fr\/index.php?rest_route=\/wp\/v2\/posts"}],"about":[{"href":"http:\/\/2018.automnemusicalduvesinet.fr\/index.php?rest_route=\/wp\/v2\/types\/post"}],"author":[{"embeddable":true,"href":"http:\/\/2018.automnemusicalduvesinet.fr\/index.php?rest_route=\/wp\/v2\/users\/1"}],"replies":[{"embeddable":true,"href":"http:\/\/2018.automnemusicalduvesinet.fr\/index.php?rest_route=%2Fwp%2Fv2%2Fcomments&post=131"}],"version-history":[{"count":67,"href":"http:\/\/2018.automnemusicalduvesinet.fr\/index.php?rest_route=\/wp\/v2\/posts\/131\/revisions"}],"predecessor-version":[{"id":1128,"href":"http:\/\/2018.automnemusicalduvesinet.fr\/index.php?rest_route=\/wp\/v2\/posts\/131\/revisions\/1128"}],"wp:attachment":[{"href":"http:\/\/2018.automnemusicalduvesinet.fr\/index.php?rest_route=%2Fwp%2Fv2%2Fmedia&parent=131"}],"wp:term":[{"taxonomy":"category","embeddable":true,"href":"http:\/\/2018.automnemusicalduvesinet.fr\/index.php?rest_route=%2Fwp%2Fv2%2Fcategories&post=131"},{"taxonomy":"post_tag","embeddable":true,"href":"http:\/\/2018.automnemusicalduvesinet.fr\/index.php?rest_route=%2Fwp%2Fv2%2Ftags&post=131"}],"curies":[{"name":"wp","href":"https:\/\/api.w.org\/{rel}","templated":true}]}}